{"id":738767,"date":"2025-02-06T07:25:20","date_gmt":"2025-02-06T07:25:20","guid":{"rendered":"https:\/\/svenskelektronik.se\/?p=738767"},"modified":"2026-04-13T06:56:03","modified_gmt":"2026-04-13T06:56:03","slug":"semicon-sweden-ny-satsning-pa-halvledare","status":"publish","type":"post","link":"https:\/\/svenskelektronik.se\/en\/semicon-sweden-ny-satsning-pa-halvledare\/","title":{"rendered":"Semiconductor Sweden &#8211; ny satsning p\u00e5 halvledare"},"content":{"rendered":"<p>Svensk Elektronik leder etableringen av Semiconductor Sweden, ett nytt initiativ f\u00f6r nationell samordning av halvledarekosystemet. &#8221;Med denna satsning tar Sverige n\u00e4sta steg f\u00f6r att st\u00e4rka sin position i Europa och etablera sig som en betydande akt\u00f6r inom halvledarteknologi och framtidens elektronik&#8221;, s\u00e4ger Sofia Persson Bj\u00f6rk, ordf\u00f6rande i Svensk Elektronik.<\/p>\n\n\n\n<p>Sweden is dependent on semiconductors in everything from the automotive industry to medical technology. There are several highly specialized competence nodes within the country, but there has been a lack of national coordination and strategy to strengthen Sweden&#039;s position in this critical sector. Now the industry organization Swedish Electronics, with support from the Swedish Agency for Economic and Regional Growth and Development and partners such as <strong>RISE, Lund University, Halmstad University, Ideon Sciencepark<\/strong> and <strong>PhotonicSweden<\/strong>, the initiative for Semicon Sweden \u2013 an initiative that will bring together industrial companies, startups, research institutes and academia on a common platform.<\/p>\n\n\n\n<p><strong>National coordination for increased competitiveness<\/strong><\/p>\n\n\n\n<p>Semiconductor Sweden syftar till att bygga upp kapacitet och kunskap inom hela halvledarv\u00e4rdekedjan. Genom att koppla samman olika akt\u00f6rer inom industrin och akademin vill man skapa ett starkt ekosystem f\u00f6r innovation och industriell tillv\u00e4xt. M\u00e5let \u00e4r att \u00f6ka konkurrenskraften, attrahera fler investeringar och st\u00e4rka Sveriges roll i europeiska samarbeten, inklusive EU:s Chips JU.<\/p>\n\n\n\n<figure class=\"wp-block-image aligncenter size-large is-resized\"><img loading=\"lazy\" decoding=\"async\" width=\"1024\" height=\"218\" src=\"https:\/\/svenskelektronik.se\/wp-content\/uploads\/2025\/02\/SV-Medfinansieras-av-Europeiska-unionen_POS-1024x218.jpg\" alt=\"\" class=\"wp-image-738777\" style=\"width:699px;height:auto\" srcset=\"https:\/\/svenskelektronik.se\/wp-content\/uploads\/2025\/02\/SV-Medfinansieras-av-Europeiska-unionen_POS-1024x218.jpg 1024w, https:\/\/svenskelektronik.se\/wp-content\/uploads\/2025\/02\/SV-Medfinansieras-av-Europeiska-unionen_POS-300x64.jpg 300w, https:\/\/svenskelektronik.se\/wp-content\/uploads\/2025\/02\/SV-Medfinansieras-av-Europeiska-unionen_POS-768x164.jpg 768w, https:\/\/svenskelektronik.se\/wp-content\/uploads\/2025\/02\/SV-Medfinansieras-av-Europeiska-unionen_POS-1536x328.jpg 1536w, https:\/\/svenskelektronik.se\/wp-content\/uploads\/2025\/02\/SV-Medfinansieras-av-Europeiska-unionen_POS-2048x437.jpg 2048w, https:\/\/svenskelektronik.se\/wp-content\/uploads\/2025\/02\/SV-Medfinansieras-av-Europeiska-unionen_POS-1920x410.jpg 1920w\" sizes=\"auto, (max-width: 1024px) 100vw, 1024px\" \/><\/figure>\n\n\n\n<p><strong>Major investments in semiconductors for the industry of the future<\/strong><\/p>\n\n\n\n<p>In recent years, SSF, the Swedish Agency for Economic and Regional Development and Vinnova have financed a number of projects in the semiconductor area, including:<strong>&nbsp;SCCC, C3NiT, ClassIC, 6G, Pilot line 4<\/strong> and <strong>\u201dSemiconductors \u2013 a Swedish value chain\u201d<\/strong>. Now Svensk Elektronik is receiving funding from the Swedish Agency for Economic and Regional Development to coordinate these projects and at the same time strengthen Sweden&#039;s position in the area.<\/p>\n\n\n\n<p><strong>Regional development and international cooperation<\/strong><\/p>\n\n\n\n<p>Semiconductor Sweden f\u00f6rv\u00e4ntas ocks\u00e5 ha en direkt positiv p\u00e5verkan p\u00e5 den regionala utvecklingen d\u00e4r akt\u00f6rerna i halvledarv\u00e4rdekedjan verkar. Genom initiativet f\u00e5r dessa akt\u00f6rer tillg\u00e5ng till v\u00e4rdefull kunskap, strategiska n\u00e4tverk och nya aff\u00e4rsm\u00f6jligheter, samtidigt som de blir mer synliga p\u00e5 den europeiska marknaden genom en samlad r\u00f6st.<\/p>\n\n\n\n<p><strong>Collaboration is key<\/strong><\/p>\n\n\n\n<p>F\u00f6r att Sverige ska kunna ta en ledande roll inom halvledarteknologi kr\u00e4vs det ett starkt och dynamiskt ekosystem d\u00e4r akt\u00f6rer samarbetar f\u00f6r att st\u00e4rka landets position. Genom Semiconductor Sweden kan f\u00f6retag, forskningsinstitut och akademin bidra till att bygga en robust infrastruktur f\u00f6r utveckling och innovation inom halvledarsektorn. Tillsammans kan vi s\u00e4kerst\u00e4lla Sveriges framtida konkurrenskraft och etablera oss som en betydande akt\u00f6r inom strategiska teknikomr\u00e5den som avancerade halvledare, AI och kvantteknologi.<\/p>\n\n\n\n<h3 class=\"wp-block-heading\"><strong>Links:<\/strong><\/h3>\n\n\n\n<p>Read the full press release here:&nbsp;<a href=\"https:\/\/via.tt.se\/pressmeddelande\/3781175\/sverige-satsar-pa-halvledare-nytt-initiativ-for-nationell-samordning?publisherId=3235920&amp;lang=sv\">https:\/\/via.tt.se\/pressmeddelande\/3781175\/sverige-satsar-pa-halvledare-nytt-initiativ-for-nationell-samordning<\/a><\/p>\n\n\n\n<p>Under our focus areas you can read more about how we work with it.&nbsp;<a href=\"https:\/\/svenskelektronik.se\/fokusomraden\/den-strategiskt-viktiga-halvledarfragan\/\">important semiconductor issue<\/a>.<\/p>\n\n\n\n<p><\/p>\n\n\n\n<p><\/p>","protected":false},"excerpt":{"rendered":"<p>Svensk Elektronik leder etableringen av Semiconductor Sweden, ett nytt initiativ f\u00f6r nationell samordning av halvledarekosystemet. &#8221;Med denna satsning tar Sverige n\u00e4sta steg f\u00f6r att st\u00e4rka sin position i Europa och etablera sig som en betydande akt\u00f6r inom halvledarteknologi och framtidens elektronik&#8221;, s\u00e4ger Sofia Persson Bj\u00f6rk, ordf\u00f6rande i Svensk Elektronik. Sverige \u00e4r beroende av halvledare i [&hellip;]<\/p>\n","protected":false},"author":1,"featured_media":0,"comment_status":"closed","ping_status":"closed","sticky":false,"template":"","format":"standard","meta":{"footnotes":""},"categories":[7,8],"tags":[],"class_list":["post-738767","post","type-post","status-publish","format-standard","hentry","category-nyhet","category-pressmeddelande"],"acf":[],"_links":{"self":[{"href":"https:\/\/svenskelektronik.se\/en\/wp-json\/wp\/v2\/posts\/738767","targetHints":{"allow":["GET"]}}],"collection":[{"href":"https:\/\/svenskelektronik.se\/en\/wp-json\/wp\/v2\/posts"}],"about":[{"href":"https:\/\/svenskelektronik.se\/en\/wp-json\/wp\/v2\/types\/post"}],"author":[{"embeddable":true,"href":"https:\/\/svenskelektronik.se\/en\/wp-json\/wp\/v2\/users\/1"}],"replies":[{"embeddable":true,"href":"https:\/\/svenskelektronik.se\/en\/wp-json\/wp\/v2\/comments?post=738767"}],"version-history":[{"count":8,"href":"https:\/\/svenskelektronik.se\/en\/wp-json\/wp\/v2\/posts\/738767\/revisions"}],"predecessor-version":[{"id":740288,"href":"https:\/\/svenskelektronik.se\/en\/wp-json\/wp\/v2\/posts\/738767\/revisions\/740288"}],"wp:attachment":[{"href":"https:\/\/svenskelektronik.se\/en\/wp-json\/wp\/v2\/media?parent=738767"}],"wp:term":[{"taxonomy":"category","embeddable":true,"href":"https:\/\/svenskelektronik.se\/en\/wp-json\/wp\/v2\/categories?post=738767"},{"taxonomy":"post_tag","embeddable":true,"href":"https:\/\/svenskelektronik.se\/en\/wp-json\/wp\/v2\/tags?post=738767"}],"curies":[{"name":"wp","href":"https:\/\/api.w.org\/{rel}","templated":true}]}}